{"id":16545,"date":"2019-12-30T13:07:19","date_gmt":"2019-12-30T12:07:19","guid":{"rendered":"https:\/\/www.galaw.it\/?p=16545"},"modified":"2025-11-05T17:59:25","modified_gmt":"2025-11-05T16:59:25","slug":"nicoletta-carapella-entra-in-giovannelli-e-associati-come-partner","status":"publish","type":"post","link":"https:\/\/www.galaw.it\/it\/nicoletta-carapella-entra-in-giovannelli-e-associati-come-partner\/","title":{"rendered":"Nicoletta Carapella entra in Giovannelli e Associati come partner"},"content":{"rendered":"\n<p>Siamo\nfelici di comunicare che l&#8217;avvocato Nicoletta Carapella \u00e8 entrato in\nGiovannelli e Associati in qualit\u00e0 di partner per le aree di attivit\u00e0 corporate\ne M&amp;A.&nbsp; Nicoletta fa il suo ingresso\ncon un team composto da Laura Bernardi e Claudia Raimondi in qualit\u00e0,\nrispettivamente, di senior associate e associate.<\/p>\n\n\n\n<p>Abilitata\nall\u2019esercizio della professione in Italia e nello stato di New York, Nicoletta\nha maturato una consolidata esperienza nel diritto societario e commerciale,\ncon particolare focus su operazioni di M&amp;A e private equity.<\/p>\n\n\n\n<p>Con questo ingresso, Giovannelli e Associati conta ora 14 soci e circa 40 professionisti.&nbsp;<\/p>\n\n\n\n<p><strong>Approfondisci:<\/strong><\/p>\n\n\n\n<div class=\"wp-block-file\"><a href=\"https:\/\/www.galaw.it\/wp-content\/uploads\/2019\/12\/Nicoletta-Carapella-TopLegal-23.12.2019.pdf\" target=\"_blank\" rel=\"noreferrer noopener\">Nicoletta Carapella &#8211; TopLegal &#8211; 23.12.2019<\/a><\/div>\n\n\n\n<div class=\"wp-block-file\"><a href=\"https:\/\/www.galaw.it\/wp-content\/uploads\/2019\/12\/Nicoletta-Carapella-TopLegal-23.12.2019.pdf\" target=\"_blank\" rel=\"noreferrer noopener\">Nicoletta Carapella &#8211; TopLegal &#8211; 23.12.2019<\/a><\/div>\n\n\n\n<div class=\"wp-block-file\"><a href=\"https:\/\/www.galaw.it\/wp-content\/uploads\/2020\/01\/Giovannelli-e-Associati-cresce-nel-corporate-con-l-ingresso-di-Nicoletta-Carapella-in-qualita\u0300-di-socio-07-01-2020.pdf\" target=\"_blank\" rel=\"noreferrer noopener\">Giovannelli e Associati cresce nel corporate con l ingresso di Nicoletta Carapella in qualita\u0300 di socio-07-01-2020<\/a><\/div>\n","protected":false},"excerpt":{"rendered":"<p>Siamo felici di comunicare che l&#8217;avvocato Nicoletta Carapella \u00e8 entrato in Giovannelli e Associati in qualit\u00e0 di partner per le aree di attivit\u00e0 corporate e M&amp;A.&nbsp; Nicoletta fa il suo<span class=\"excerpt-hellip\"> [\u2026]<\/span><\/p>\n","protected":false},"author":1,"featured_media":16543,"comment_status":"closed","ping_status":"open","sticky":false,"template":"","format":"standard","meta":{"_seopress_robots_primary_cat":"524","_seopress_titles_title":"","_seopress_titles_desc":"","_seopress_robots_index":"","advgb_blocks_editor_width":"","advgb_blocks_columns_visual_guide":"","footnotes":""},"categories":[1],"tags":[],"class_list":["post-16545","post","type-post","status-publish","format-standard","has-post-thumbnail","hentry","category-press-release-it"],"author_meta":{"display_name":"Giovannelli e Associati","author_link":"https:\/\/www.galaw.it\/it\/author\/admin\/"},"featured_img":"https:\/\/www.galaw.it\/wp-content\/uploads\/2019\/12\/NICOLETTA-CARAPELLA-Giovannelli-dic19-web-cover-media-300x166.jpg","coauthors":[],"tax_additional":{"categories":{"linked":["<a href=\"https:\/\/www.galaw.it\/it\/press-release-it\/\" class=\"advgb-post-tax-term\">Press Release<\/a>"],"unlinked":["<span class=\"advgb-post-tax-term\">Press Release<\/span>"]}},"comment_count":"0","relative_dates":{"created":"Pubblicato 6 anni fa","modified":"Aggiornato 6 mesi fa"},"absolute_dates":{"created":"Pubblicato il 30 Dicembre 2019","modified":"Aggiornato il 5 Novembre 2025"},"absolute_dates_time":{"created":"Pubblicato il 30 Dicembre 2019 13:07","modified":"Aggiornato il 5 Novembre 2025 17:59"},"featured_img_caption":"","series_order":"","_links":{"self":[{"href":"https:\/\/www.galaw.it\/it\/wp-json\/wp\/v2\/posts\/16545","targetHints":{"allow":["GET"]}}],"collection":[{"href":"https:\/\/www.galaw.it\/it\/wp-json\/wp\/v2\/posts"}],"about":[{"href":"https:\/\/www.galaw.it\/it\/wp-json\/wp\/v2\/types\/post"}],"author":[{"embeddable":true,"href":"https:\/\/www.galaw.it\/it\/wp-json\/wp\/v2\/users\/1"}],"replies":[{"embeddable":true,"href":"https:\/\/www.galaw.it\/it\/wp-json\/wp\/v2\/comments?post=16545"}],"version-history":[{"count":3,"href":"https:\/\/www.galaw.it\/it\/wp-json\/wp\/v2\/posts\/16545\/revisions"}],"predecessor-version":[{"id":16593,"href":"https:\/\/www.galaw.it\/it\/wp-json\/wp\/v2\/posts\/16545\/revisions\/16593"}],"wp:featuredmedia":[{"embeddable":true,"href":"https:\/\/www.galaw.it\/it\/wp-json\/wp\/v2\/media\/16543"}],"wp:attachment":[{"href":"https:\/\/www.galaw.it\/it\/wp-json\/wp\/v2\/media?parent=16545"}],"wp:term":[{"taxonomy":"category","embeddable":true,"href":"https:\/\/www.galaw.it\/it\/wp-json\/wp\/v2\/categories?post=16545"},{"taxonomy":"post_tag","embeddable":true,"href":"https:\/\/www.galaw.it\/it\/wp-json\/wp\/v2\/tags?post=16545"}],"curies":[{"name":"wp","href":"https:\/\/api.w.org\/{rel}","templated":true}]}}